{"id":4420,"date":"2025-10-22T16:00:40","date_gmt":"2025-10-22T19:00:40","guid":{"rendered":"https:\/\/www.sinteata.com.br\/?p=4420"},"modified":"2025-10-22T16:00:46","modified_gmt":"2025-10-22T19:00:46","slug":"o-cuidado-que-voce-merece","status":"publish","type":"post","link":"https:\/\/www.sinteata.com.br\/?p=4420","title":{"rendered":"O CUIDADO QUE VOC\u00ca MERECE!"},"content":{"rendered":"\n<p>O SINTEATA e a J\u00falio Sim\u00f5es uniram for\u00e7as para celebrar o Outubro Rosa com um evento incr\u00edvel focado na sa\u00fade e bem-estar das mulheres! \ud83d\udc96<\/p>\n\n\n\n<p>O evento realizado no Edif\u00edcio 1 no Teca oferecendo um dia de cuidados completos, das 9h \u00e0s 17h!<\/p>\n\n\n\n<p>Confira um pouco do que rolou:<br>\u2022 Sa\u00fade Integral: Orienta\u00e7\u00e3o com Nutricionista, Psic\u00f3loga e Endocrinologista.<br>\u2022 Relaxamento: Sess\u00f5es de Massagem Relaxante.<br>\u2022 Beleza e Autoestima.<br>\u2022 Conscientiza\u00e7\u00e3o: Palestra vital sobre Preven\u00e7\u00e3o do c\u00e2ncer de mama.<br>Priorizar a sa\u00fade \u00e9 essencial!<br>Cuidar do corpo e da mente \u00e9 importante!<\/p>\n\n\n\n<p><\/p>\n\n\n\n<figure class=\"wp-block-gallery has-nested-images columns-default is-cropped wp-block-gallery-1 is-layout-flex wp-block-gallery-is-layout-flex\">\n<figure class=\"wp-block-image size-large\"><img fetchpriority=\"high\" decoding=\"async\" width=\"900\" height=\"691\" data-id=\"4421\" src=\"https:\/\/www.sinteata.com.br\/wp-content\/uploads\/2025\/10\/\u2728-O-CUIDADO-QUE-VOCE-MERECE-\u2728O-SINTEATA-e-a-Julio-Simoes-uniram-forcas-para-celebrar-o-Outubro-1.jpg\" alt=\"\" class=\"wp-image-4421\"\/><\/figure>\n\n\n\n<figure class=\"wp-block-image size-large\"><img decoding=\"async\" width=\"1080\" height=\"829\" data-id=\"4422\" src=\"https:\/\/www.sinteata.com.br\/wp-content\/uploads\/2025\/10\/\u2728-O-CUIDADO-QUE-VOCE-MERECE-\u2728O-SINTEATA-e-a-Julio-Simoes-uniram-forcas-para-celebrar-o-Outubro-2.jpg\" alt=\"\" class=\"wp-image-4422\"\/><\/figure>\n\n\n\n<figure class=\"wp-block-image size-large\"><img decoding=\"async\" width=\"1080\" height=\"829\" data-id=\"4423\" src=\"https:\/\/www.sinteata.com.br\/wp-content\/uploads\/2025\/10\/\u2728-O-CUIDADO-QUE-VOCE-MERECE-\u2728O-SINTEATA-e-a-Julio-Simoes-uniram-forcas-para-celebrar-o-Outubro-3.jpg\" alt=\"\" class=\"wp-image-4423\"\/><\/figure>\n\n\n\n<figure class=\"wp-block-image size-large\"><img loading=\"lazy\" decoding=\"async\" width=\"1080\" height=\"829\" data-id=\"4424\" src=\"https:\/\/www.sinteata.com.br\/wp-content\/uploads\/2025\/10\/\u2728-O-CUIDADO-QUE-VOCE-MERECE-\u2728O-SINTEATA-e-a-Julio-Simoes-uniram-forcas-para-celebrar-o-Outubro-4.jpg\" alt=\"\" class=\"wp-image-4424\"\/><\/figure>\n\n\n\n<figure class=\"wp-block-image size-large\"><img loading=\"lazy\" decoding=\"async\" width=\"1080\" height=\"830\" data-id=\"4425\" src=\"https:\/\/www.sinteata.com.br\/wp-content\/uploads\/2025\/10\/\u2728-O-CUIDADO-QUE-VOCE-MERECE-\u2728O-SINTEATA-e-a-Julio-Simoes-uniram-forcas-para-celebrar-o-Outubro-5.jpg\" alt=\"\" class=\"wp-image-4425\"\/><\/figure>\n\n\n\n<figure class=\"wp-block-image size-large\"><img loading=\"lazy\" decoding=\"async\" width=\"1080\" height=\"829\" data-id=\"4426\" src=\"https:\/\/www.sinteata.com.br\/wp-content\/uploads\/2025\/10\/\u2728-O-CUIDADO-QUE-VOCE-MERECE-\u2728O-SINTEATA-e-a-Julio-Simoes-uniram-forcas-para-celebrar-o-Outubro-6.jpg\" alt=\"\" class=\"wp-image-4426\"\/><\/figure>\n\n\n\n<figure class=\"wp-block-image size-large\"><img loading=\"lazy\" decoding=\"async\" width=\"1080\" height=\"829\" data-id=\"4427\" src=\"https:\/\/www.sinteata.com.br\/wp-content\/uploads\/2025\/10\/\u2728-O-CUIDADO-QUE-VOCE-MERECE-\u2728O-SINTEATA-e-a-Julio-Simoes-uniram-forcas-para-celebrar-o-Outubro-7.jpg\" alt=\"\" class=\"wp-image-4427\"\/><\/figure>\n\n\n\n<figure class=\"wp-block-image size-large\"><img loading=\"lazy\" decoding=\"async\" width=\"1080\" height=\"829\" data-id=\"4428\" src=\"https:\/\/www.sinteata.com.br\/wp-content\/uploads\/2025\/10\/\u2728-O-CUIDADO-QUE-VOCE-MERECE-\u2728O-SINTEATA-e-a-Julio-Simoes-uniram-forcas-para-celebrar-o-Outubro-.jpg\" alt=\"\" class=\"wp-image-4428\"\/><\/figure>\n<\/figure>\n","protected":false},"excerpt":{"rendered":"<p>O SINTEATA e a J\u00falio Sim\u00f5es uniram for\u00e7as para celebrar o Outubro Rosa com um evento incr\u00edvel focado na sa\u00fade e bem-estar das mulheres! \ud83d\udc96 O evento realizado no Edif\u00edcio&hellip;<\/p>\n","protected":false},"author":2,"featured_media":4428,"comment_status":"open","ping_status":"open","sticky":false,"template":"","format":"standard","meta":{"content-type":"","footnotes":""},"categories":[1],"tags":[],"_links":{"self":[{"href":"https:\/\/www.sinteata.com.br\/index.php?rest_route=\/wp\/v2\/posts\/4420"}],"collection":[{"href":"https:\/\/www.sinteata.com.br\/index.php?rest_route=\/wp\/v2\/posts"}],"about":[{"href":"https:\/\/www.sinteata.com.br\/index.php?rest_route=\/wp\/v2\/types\/post"}],"author":[{"embeddable":true,"href":"https:\/\/www.sinteata.com.br\/index.php?rest_route=\/wp\/v2\/users\/2"}],"replies":[{"embeddable":true,"href":"https:\/\/www.sinteata.com.br\/index.php?rest_route=%2Fwp%2Fv2%2Fcomments&post=4420"}],"version-history":[{"count":1,"href":"https:\/\/www.sinteata.com.br\/index.php?rest_route=\/wp\/v2\/posts\/4420\/revisions"}],"predecessor-version":[{"id":4429,"href":"https:\/\/www.sinteata.com.br\/index.php?rest_route=\/wp\/v2\/posts\/4420\/revisions\/4429"}],"wp:featuredmedia":[{"embeddable":true,"href":"https:\/\/www.sinteata.com.br\/index.php?rest_route=\/wp\/v2\/media\/4428"}],"wp:attachment":[{"href":"https:\/\/www.sinteata.com.br\/index.php?rest_route=%2Fwp%2Fv2%2Fmedia&parent=4420"}],"wp:term":[{"taxonomy":"category","embeddable":true,"href":"https:\/\/www.sinteata.com.br\/index.php?rest_route=%2Fwp%2Fv2%2Fcategories&post=4420"},{"taxonomy":"post_tag","embeddable":true,"href":"https:\/\/www.sinteata.com.br\/index.php?rest_route=%2Fwp%2Fv2%2Ftags&post=4420"}],"curies":[{"name":"wp","href":"https:\/\/api.w.org\/{rel}","templated":true}]}}