{"id":4490,"date":"2025-11-13T14:59:37","date_gmt":"2025-11-13T17:59:37","guid":{"rendered":"https:\/\/www.sinteata.com.br\/?p=4490"},"modified":"2025-11-13T14:59:40","modified_gmt":"2025-11-13T17:59:40","slug":"sinteata-na-plenaria-preparatoria-da-ii-conferencia-nacional-do-trabalho","status":"publish","type":"post","link":"https:\/\/www.sinteata.com.br\/?p=4490","title":{"rendered":"SINTEATA na Plen\u00e1ria Preparat\u00f3ria da II Confer\u00eancia Nacional do Trabalho"},"content":{"rendered":"\n<p>SINTEATA marcou presen\u00e7a na Plen\u00e1ria Preparat\u00f3ria da II Confer\u00eancia Nacional do Trabalho (CNT). O evento, sediado pela UGT-SP em Campinas, ocorreu nesta quinta-feira, 13 de Novembro de 2025, reunindo lideran\u00e7as em um debate fundamental para o futuro do trabalho no pa\u00eds.<br>O principal objetivo da delega\u00e7\u00e3o foi contribuir ativamente para a formaliza\u00e7\u00e3o do Documento da Bancada de Trabalhadores de S\u00e3o Paulo. Este documento n\u00e3o \u00e9 apenas um registro de demandas, mas sim o alicerce que nortear\u00e1 a atua\u00e7\u00e3o e as reivindica\u00e7\u00f5es da bancada na II Confer\u00eancia Nacional, servindo como um manifesto de luta por direitos e avan\u00e7os sociais.<\/p>\n\n\n\n<p>Os Pilares da Pauta: Transi\u00e7\u00e3o Justa<br>A centralidade do debate \u00e9 a Pauta da Transi\u00e7\u00e3o Justa, um conceito vital que visa amenizar os impactos sociais e econ\u00f4micos decorrentes das transforma\u00e7\u00f5es digitais, ambientais e produtivas em curso. Tr\u00eas eixos tem\u00e1ticos surgem como prioridades inegoci\u00e1veis:<\/p>\n\n\n\n<ol>\n<li>Fortalecimento da Negocia\u00e7\u00e3o Coletiva<br>A autonomia e a liberdade sindical para a defesa efetiva dos direitos da categoria. A exig\u00eancia \u00e9 pelo aprimoramento dos mecanismos de Negocia\u00e7\u00e3o Coletiva, garantindo que o di\u00e1logo entre capital e trabalho seja equilibrado e capaz de gerar acordos que reflitam as necessidades reais dos trabalhadores.<\/li>\n\n\n\n<li>Emprego de Qualidade e Estrat\u00e9gias de Inclus\u00e3o<br>Em face das transforma\u00e7\u00f5es tecnol\u00f3gicas e sociais, e Emprego de Qualidade. O foco reside na prepara\u00e7\u00e3o da for\u00e7a de trabalho para o futuro, garantindo a inclus\u00e3o de todos os segmentos profissionais na nova economia.<\/li>\n\n\n\n<li>Prote\u00e7\u00e3o Social e Combate \u00e0 Discrimina\u00e7\u00e3o Sist\u00eamica<br>Este eixo aborda a necessidade da Prote\u00e7\u00e3o Social, com especial aten\u00e7\u00e3o \u00e0s Pol\u00edticas de Cuidado. Adicionalmente, o documento exige medidas rigorosas no combate \u00e0 discrimina\u00e7\u00e3o, ass\u00e9dio e a todas as formas de desigualdades que permeiam o ambiente de trabalho, incluindo as dimens\u00f5es racial, de g\u00eanero e LGBTQIA+.<\/li>\n<\/ol>\n\n\n\n<p>A participa\u00e7\u00e3o do SINTEATA nesta etapa preparat\u00f3ria refor\u00e7a o seu compromisso com a constru\u00e7\u00e3o de uma agenda progressista. A jornada n\u00e3o se encerra em Campinas, mas se projeta para o cen\u00e1rio nacional.<br>A luta prossegue, visando um futuro onde o Brasil possa oferecer mais e melhores oportunidades de emprego e a plena garantia dos direitos conquistados.<\/p>\n\n\n\n<p><\/p>\n\n\n\n<figure class=\"wp-block-gallery has-nested-images columns-default is-cropped wp-block-gallery-1 is-layout-flex wp-block-gallery-is-layout-flex\">\n<figure class=\"wp-block-image size-large\"><img fetchpriority=\"high\" decoding=\"async\" width=\"1280\" height=\"960\" data-id=\"4491\" src=\"https:\/\/www.sinteata.com.br\/wp-content\/uploads\/2025\/11\/WhatsApp-Image-2025-11-13-at-14.39.08-2.jpeg\" alt=\"\" class=\"wp-image-4491\"\/><\/figure>\n\n\n\n<figure class=\"wp-block-image size-large\"><img decoding=\"async\" width=\"1280\" height=\"960\" data-id=\"4492\" src=\"https:\/\/www.sinteata.com.br\/wp-content\/uploads\/2025\/11\/WhatsApp-Image-2025-11-13-at-14.39.08-1.jpeg\" alt=\"\" class=\"wp-image-4492\"\/><\/figure>\n\n\n\n<figure class=\"wp-block-image size-large\"><img decoding=\"async\" width=\"1280\" height=\"960\" data-id=\"4493\" src=\"https:\/\/www.sinteata.com.br\/wp-content\/uploads\/2025\/11\/WhatsApp-Image-2025-11-13-at-14.39.08.jpeg\" alt=\"\" class=\"wp-image-4493\"\/><\/figure>\n\n\n\n<figure class=\"wp-block-image size-large\"><img loading=\"lazy\" decoding=\"async\" width=\"1280\" height=\"960\" data-id=\"4494\" src=\"https:\/\/www.sinteata.com.br\/wp-content\/uploads\/2025\/11\/WhatsApp-Image-2025-11-13-at-14.39.07.jpeg\" alt=\"\" class=\"wp-image-4494\"\/><\/figure>\n<\/figure>\n","protected":false},"excerpt":{"rendered":"<p>SINTEATA marcou presen\u00e7a na Plen\u00e1ria Preparat\u00f3ria da II Confer\u00eancia Nacional do Trabalho (CNT). O evento, sediado pela UGT-SP em Campinas, ocorreu nesta quinta-feira, 13 de Novembro de 2025, reunindo lideran\u00e7as&hellip;<\/p>\n","protected":false},"author":2,"featured_media":4495,"comment_status":"open","ping_status":"open","sticky":false,"template":"","format":"standard","meta":{"content-type":"","footnotes":""},"categories":[1],"tags":[],"_links":{"self":[{"href":"https:\/\/www.sinteata.com.br\/index.php?rest_route=\/wp\/v2\/posts\/4490"}],"collection":[{"href":"https:\/\/www.sinteata.com.br\/index.php?rest_route=\/wp\/v2\/posts"}],"about":[{"href":"https:\/\/www.sinteata.com.br\/index.php?rest_route=\/wp\/v2\/types\/post"}],"author":[{"embeddable":true,"href":"https:\/\/www.sinteata.com.br\/index.php?rest_route=\/wp\/v2\/users\/2"}],"replies":[{"embeddable":true,"href":"https:\/\/www.sinteata.com.br\/index.php?rest_route=%2Fwp%2Fv2%2Fcomments&post=4490"}],"version-history":[{"count":1,"href":"https:\/\/www.sinteata.com.br\/index.php?rest_route=\/wp\/v2\/posts\/4490\/revisions"}],"predecessor-version":[{"id":4496,"href":"https:\/\/www.sinteata.com.br\/index.php?rest_route=\/wp\/v2\/posts\/4490\/revisions\/4496"}],"wp:featuredmedia":[{"embeddable":true,"href":"https:\/\/www.sinteata.com.br\/index.php?rest_route=\/wp\/v2\/media\/4495"}],"wp:attachment":[{"href":"https:\/\/www.sinteata.com.br\/index.php?rest_route=%2Fwp%2Fv2%2Fmedia&parent=4490"}],"wp:term":[{"taxonomy":"category","embeddable":true,"href":"https:\/\/www.sinteata.com.br\/index.php?rest_route=%2Fwp%2Fv2%2Fcategories&post=4490"},{"taxonomy":"post_tag","embeddable":true,"href":"https:\/\/www.sinteata.com.br\/index.php?rest_route=%2Fwp%2Fv2%2Ftags&post=4490"}],"curies":[{"name":"wp","href":"https:\/\/api.w.org\/{rel}","templated":true}]}}